{"id":751,"date":"2026-03-06T05:09:00","date_gmt":"2026-03-06T04:09:00","guid":{"rendered":"https:\/\/klezi.com\/?p=751"},"modified":"2026-03-01T17:12:06","modified_gmt":"2026-03-01T16:12:06","slug":"165_gedichte-das-alter","status":"publish","type":"post","link":"https:\/\/klezi.com\/?p=751","title":{"rendered":"165_Gedichte: Das Alter"},"content":{"rendered":"\n<figure class=\"wp-block-image size-large is-resized\"><img loading=\"lazy\" decoding=\"async\" width=\"683\" height=\"1024\" src=\"https:\/\/klezi.com\/wp-content\/uploads\/2026\/03\/04_Freitag-1-683x1024.png\" alt=\"\" class=\"wp-image-752\" style=\"aspect-ratio:0.6669952171664943;width:279px;height:auto\" srcset=\"https:\/\/klezi.com\/wp-content\/uploads\/2026\/03\/04_Freitag-1-683x1024.png 683w, https:\/\/klezi.com\/wp-content\/uploads\/2026\/03\/04_Freitag-1-200x300.png 200w, https:\/\/klezi.com\/wp-content\/uploads\/2026\/03\/04_Freitag-1-768x1152.png 768w, https:\/\/klezi.com\/wp-content\/uploads\/2026\/03\/04_Freitag-1.png 1024w\" sizes=\"auto, (max-width: 683px) 100vw, 683px\" \/><\/figure>\n\n\n\n<p>Abends lieg ich lange wach<br>und denk dar\u00fcber nach,<br>was der Tag so brachte<br>und was ich alles machte.<\/p>\n\n\n\n<p>Der Tag verlief monoton,<br>das kenn ich ja schon.<br>Doch irgendetwas war nicht wie immer,<br>da war ein kleiner Gedankenschimmer.<\/p>\n\n\n\n<p>Je l\u00e4nger ich dar\u00fcber denke,<br>f\u00fchren mich Gedanken in eine Senke.<br>Eine gewisse Luftleerigkeit,<br>ein leerer Raum \u2013 meterweit.<\/p>\n\n\n\n<p>Pl\u00f6tzlich seh ich eine Grenze,<br>fast als w\u00fcrd ich innerlich gl\u00e4nzen.<br>Da f\u00e4llt es mir endlich ein \u2013<br>es kann nur eines sein:<\/p>\n\n\n\n<p>Ich wurde um einen Tag \u00e4lter.<\/p>\n","protected":false},"excerpt":{"rendered":"<p>Abends lieg ich lange wachund denk dar\u00fcber nach,was der Tag so brachteund was ich alles machte. Der Tag verlief monoton,das kenn ich ja schon.Doch irgendetwas war nicht wie immer,da war ein kleiner Gedankenschimmer. Je l\u00e4nger ich dar\u00fcber denke,f\u00fchren mich Gedanken in eine Senke.Eine gewisse Luftleerigkeit,ein leerer Raum \u2013 meterweit. Pl\u00f6tzlich seh ich eine Grenze,fast als [&hellip;]<\/p>\n","protected":false},"author":1,"featured_media":0,"comment_status":"open","ping_status":"open","sticky":false,"template":"","format":"standard","meta":{"footnotes":""},"categories":[38],"tags":[161,71,7,9],"class_list":["post-751","post","type-post","status-publish","format-standard","hentry","category-gedichtesprueche","tag-das-alter","tag-gedichte","tag-klezi","tag-wels"],"_links":{"self":[{"href":"https:\/\/klezi.com\/index.php?rest_route=\/wp\/v2\/posts\/751","targetHints":{"allow":["GET"]}}],"collection":[{"href":"https:\/\/klezi.com\/index.php?rest_route=\/wp\/v2\/posts"}],"about":[{"href":"https:\/\/klezi.com\/index.php?rest_route=\/wp\/v2\/types\/post"}],"author":[{"embeddable":true,"href":"https:\/\/klezi.com\/index.php?rest_route=\/wp\/v2\/users\/1"}],"replies":[{"embeddable":true,"href":"https:\/\/klezi.com\/index.php?rest_route=%2Fwp%2Fv2%2Fcomments&post=751"}],"version-history":[{"count":1,"href":"https:\/\/klezi.com\/index.php?rest_route=\/wp\/v2\/posts\/751\/revisions"}],"predecessor-version":[{"id":753,"href":"https:\/\/klezi.com\/index.php?rest_route=\/wp\/v2\/posts\/751\/revisions\/753"}],"wp:attachment":[{"href":"https:\/\/klezi.com\/index.php?rest_route=%2Fwp%2Fv2%2Fmedia&parent=751"}],"wp:term":[{"taxonomy":"category","embeddable":true,"href":"https:\/\/klezi.com\/index.php?rest_route=%2Fwp%2Fv2%2Fcategories&post=751"},{"taxonomy":"post_tag","embeddable":true,"href":"https:\/\/klezi.com\/index.php?rest_route=%2Fwp%2Fv2%2Ftags&post=751"}],"curies":[{"name":"wp","href":"https:\/\/api.w.org\/{rel}","templated":true}]}}